{"id":5584,"date":"2026-04-28T18:24:40","date_gmt":"2026-04-28T16:24:40","guid":{"rendered":"https:\/\/songofthe.earth\/?p=5584"},"modified":"2026-04-28T18:40:37","modified_gmt":"2026-04-28T16:40:37","slug":"workshops-meetings-tastings-music-games-and-a-farmers-market","status":"publish","type":"post","link":"https:\/\/songofthe.earth\/it\/workshops-meetings-tastings-music-games-and-a-farmers-market\/","title":{"rendered":"Laboratori, incontri, degustazioni, musica giochi e un mercato contadino per parlare di cibo"},"content":{"rendered":"<h2><b>Dal 7 al 10 maggio 2026 a Rovereto torna Il Canto della Terra | Song of the Earth<\/b><\/h2>\n<p><b>Dal 7 al 10 maggio 2026 a Rovereto torna Il Canto della Terra | Song of the Earth<\/b>, il festival, organizzato da Tra le Rocce e il cielo, che intreccia sostenibilit\u00e0 ambientale, crisi climatica e pratiche quotidiane, costruendo un dialogo concreto tra scienza, arte e impegno civile.<\/p>\n<p><b>Al centro dell\u2019edizione 2026<\/b>, che si intitola La stazione del cibo,  c\u2019\u00e8 il tema del cibo come chiave di lettura del mondo contemporaneo, inteso come pratica culturale, relazione sociale e gesto politico. <b>Attraverso laboratori scientifici e artistici per adulti e bambini, incontri, degustazioni, musica, giochi, momenti conviviali e un mercato contadino, il festival esplora il legame tra produzione, consumo e sostenibilit\u00e0, mettendo in dialogo saperi scientifici e conoscenze quotidiane.<\/b><\/p>\n<p>Gioved\u00ec 7 maggio l\u2019apertura \u00e8 affidata allo <b>sguardo fotografico di Marco Angheben con la mostra I custodi del bosco<\/b>,  ospitata alla Libreria Giunti, un racconto intenso che restituisce la presenza silenziosa e potente degli elementi naturali, tra fragilit\u00e0 e resistenza. Nello stesso pomeriggio e nelle giornate successive, <b>l\u2019Oratorio Rosmini diventa il cuore pulsante del festival<\/b>, accogliendo attivit\u00e0 che intrecciano educazione, ricerca e partecipazione.<\/p>\n<p>Il dialogo sulla sostenibilit\u00e0 attraversa le pratiche agricole con <b>Coltivare il futuro, dialoghi su una viticoltura sostenibile<\/b> a cura di Lumen Slow Journalism, che mette a confronto l\u2019esperienza di Simone Benetti Fondazione Famiglia Materna), Marco Grigolli e Marco Bezzi del Consorzio Vignaioli del Trentino sul tema della viticoltura sostenibile il 7 maggio alle 18. Allo stesso modo, il rapporto tra cibo e trasformazioni sociali emerge nel talk <b>Il gusto dell\u2019incontro. Prodotti Locali,  migrazioni e nuove culture del cibo nel Trentino che cambia <\/b>moderato da Viola Ducati, con gli interventi di Amerigo Ambrosi e Gaia Maronilli, insieme alle esperienze dei biodistretti trentini e di ATAS, restituendo uno spaccato vivo di un territorio in evoluzione l\u20198 maggio alle 18.<\/p>\n<p>All\u2019interno del festival prende forma sabato pomeriggio all\u2019oratorio <b>La Piazza dei Saperi e dei Sapori<\/b> , uno spazio vivo e informale curato da Michela Luise in cui il pubblico pu\u00f2 entrare in contatto diretto con il territorio attraverso chi lo coltiva, lo studia e lo trasforma. Qui l\u2019esperienza passa dall\u2019ascolto alla pratica: dallo <b>Sportello Ortista<\/b>, dove Romana del Vivaio Zaffoni condivide consigli concreti per la cura degli orti domestici, al laboratorio <b>Strano ma vero! <\/b>dell\u2019Associazione NetTARE, che accompagna alla scoperta dei cicli produttivi e della stagionalit\u00e0 in modo accessibile e coinvolgente.<\/p>\n<p><img fetchpriority=\"high\" decoding=\"async\" class=\"alignnone size-medium wp-image-5587\" src=\"https:\/\/songofthe.earth\/wp-content\/uploads\/2026\/04\/LA-STAZIONE-DEL-CIBO--300x200.jpg\" alt=\"\" width=\"300\" height=\"200\" srcset=\"https:\/\/songofthe.earth\/wp-content\/uploads\/2026\/04\/LA-STAZIONE-DEL-CIBO--300x200.jpg 300w, https:\/\/songofthe.earth\/wp-content\/uploads\/2026\/04\/LA-STAZIONE-DEL-CIBO--1024x683.jpg 1024w, https:\/\/songofthe.earth\/wp-content\/uploads\/2026\/04\/LA-STAZIONE-DEL-CIBO--768x512.jpg 768w, https:\/\/songofthe.earth\/wp-content\/uploads\/2026\/04\/LA-STAZIONE-DEL-CIBO--1536x1024.jpg 1536w, https:\/\/songofthe.earth\/wp-content\/uploads\/2026\/04\/LA-STAZIONE-DEL-CIBO--2048x1365.jpg 2048w, https:\/\/songofthe.earth\/wp-content\/uploads\/2026\/04\/LA-STAZIONE-DEL-CIBO--18x12.jpg 18w\" sizes=\"(max-width: 300px) 100vw, 300px\" \/><\/p>\n<p>Accanto ai momenti di riflessione, il festival propone  esperienze dirette e coinvolgenti <b>: dai laboratori scientifici e sensoriali<\/b> di FOOD FARM 4.0, come From Milk to Cheese per vedere come si fa il formaggio, O James Test Hub per degustazione marmellate fino ai <b>percorsi di educazione alimentare e interculturale<\/b> con le donne migranti coinvolte nei progetti di ATAS che daranno vita anche a una <b>cena condivisa<\/b> o all\u2019incontro  su <b>cibo e emozioni<\/b> di Giorgia Arlanch o il percorso, <b>Fermenti Meticci<\/b> guidato da Giacomo Lorandi, una degustazione che racconta come l\u2019incontro tra culture e tecniche diverse possa trasformare il cibo in un terreno fertile di sperimentazione e identit\u00e0 in evoluzione.<\/p>\n<p>La dimensione partecipativa si estende anche alle <b>pratiche artistiche<\/b>, come il laboratorio di disegno botanico curato da Ateirami Studio, e alle attivit\u00e0 per famiglie e bambini, tra cui il <b>murale collettivo OrtArt<\/b> di We-Ink. Nel programma del festival trova spazio anche il gioco come strumento di relazione, apprendimento e leggerezza. Dalla sfida collettiva di <b>Quiz &amp; Taste Night,<\/b> dove domande, assaggi e prove creative trasformano il cibo in esperienza ludica condivisa, fino a <b>Stracot,<\/b> il gioco a squadre ispirato al mondo della cucina e curato da Ludimus, in cui collaborazione e rapidit\u00e0 diventano ingredienti fondamentali. A questi si affiancano attivit\u00e0 pi\u00f9 immersive e narrative come <b>Prova ad essere ape<\/b>, proposta da Malga Riondera, che attraverso il gioco di ruolo avvicina grandi e piccoli alla vita delle api, e le esperienze diffuse negli spazi della roulotte sociale <b>Giacomella<\/b> di Studio Tangram, dove il gioco libero diventa occasione di incontro tra generazioni.<\/p>\n<p>Il festival si apre anche al territorio e al paesaggio, con esperienze immersive come <b>Erbe nel piatto<\/b>, che unisce raccolta a Trambileno, cucina e conoscenza delle piante spontanee, e l\u2019escursione <b>Lupus in fabula<\/b> in Vallarsa, proposta da SAT Vallarsa, pensata per avvicinare anche i pi\u00f9 piccoli alla natura.<\/p>\n<p>La dimensione sonora accompagna le giornate del festival, attraversando linguaggi e suggestioni diverse. Dal <b>DJ set Danger Kiki, curato da Federico Cotroneo<\/b>, al percorso narrativo <b>Il gusto per la musica di Giuliano Lott<\/b>, fino al <b>concerto dei Superwave, duo internazionale formato da Tasos Sotiriou e Leonidas Danezos<\/b>, che fonde strumenti tradizionali e sonorit\u00e0 elettroniche in un\u2019esperienza immersiva e contemporanea.<\/p>\n<p><img decoding=\"async\" class=\"alignnone size-medium wp-image-5585\" src=\"https:\/\/songofthe.earth\/wp-content\/uploads\/2026\/04\/SUPERWAVE-300x300.png\" alt=\"\" width=\"300\" height=\"300\" srcset=\"https:\/\/songofthe.earth\/wp-content\/uploads\/2026\/04\/SUPERWAVE-300x300.png 300w, https:\/\/songofthe.earth\/wp-content\/uploads\/2026\/04\/SUPERWAVE-1024x1024.png 1024w, https:\/\/songofthe.earth\/wp-content\/uploads\/2026\/04\/SUPERWAVE-150x150.png 150w, https:\/\/songofthe.earth\/wp-content\/uploads\/2026\/04\/SUPERWAVE-768x768.png 768w, https:\/\/songofthe.earth\/wp-content\/uploads\/2026\/04\/SUPERWAVE-1536x1536.png 1536w, https:\/\/songofthe.earth\/wp-content\/uploads\/2026\/04\/SUPERWAVE-12x12.png 12w, https:\/\/songofthe.earth\/wp-content\/uploads\/2026\/04\/SUPERWAVE.png 1920w\" sizes=\"(max-width: 300px) 100vw, 300px\" \/><\/p>\n<p>A rafforzare la vocazione educativa e partecipativa del festival \u00e8 la collaborazione con il Festival Scienza Under 18 Trentino, che nelle mattine del 7 e 8 maggio porter\u00e0 all\u2019Oratorio Rosmini studenti e studentesse protagonisti di esperimenti e attivit\u00e0 scientifiche, trasformando il sapere in esperienza condivisa e accessibile.<\/p>\n<p>&nbsp;<\/p>\n<p>Il Canto della Terra, organizzato da Tra le Rocce e il Cielo, si realizza grazie al sostegno del Bando S4T - Station for Transformation\/Stazione Trasformazione del Comune di Rovereto, Provincia  Autonoma di Trento, Regione Trentino Alto Adige, con il contributo di Fondazione Caritro, Dolomiti Energia, Keim, e Banca per il Trentino. Nasce e cresce grazie a una rete ampia e articolata di collaborazioni.<\/p>\n<p>Pi\u00f9 che un evento, Il Canto della Terra si configura come un invito: a fermarsi, ascoltare, condividere e agire. Un\u2019occasione per riscoprire il legame tra persone, ambiente e comunit\u00e0, e per immaginare insieme nuove forme di equilibrio.<\/p>\n<p>.<\/p>\n<p>Informazioni<\/p>\n<p>\ud83c\udf10 https:\/\/songofthe.earth\/it\/#<\/p>\n<p><strong class=\"Yjhzub\" data-sfc-root=\"c\" data-sfc-cb=\"\" data-processed=\"true\">\ud83d\udce7<\/strong>\u00a0songoftheearth.social@gmail.com<\/p>\n<p>\ud83d\udcde Stefania +39 3409827094<\/p>\n<p>\ud83d\udcf1 Instagram and Facebook: @songoftheearth.social<\/p>\n<p><strong class=\"Yjhzub\" data-sfc-root=\"c\" data-sfc-cb=\"\" data-processed=\"true\">\ud83d\udcf9<\/strong> Tiktok @song.of.the.earth.social<\/p>","protected":false},"excerpt":{"rendered":"<p>From 7 to 10 May in Rovereto IL CANTO DELLA TERRA From 7 to 10 May 2026 in Rovereto, Il Canto della Terra | Song of the Earth returns, the festival organised by Tra le Rocce e il Cielo, which interweaves environmental sustainability, climate crisis and everyday practices, building a concrete dialogue between science, art [&hellip;]<\/p>\n","protected":false},"author":1,"featured_media":5586,"comment_status":"open","ping_status":"open","sticky":false,"template":"","format":"standard","meta":{"footnotes":""},"categories":[31,19,30],"tags":[],"class_list":["post-5584","post","type-post","status-publish","format-standard","has-post-thumbnail","hentry","category-art-and-culture","category-food","category-sustainability"],"yoast_head":"<!-- This site is optimized with the Yoast SEO plugin v27.2 - https:\/\/yoast.com\/product\/yoast-seo-wordpress\/ -->\n<title>Workshops, meetings, tastings, music, games and a farmers\u2019 market &#8211; Song of the Earth<\/title>\n<meta name=\"description\" content=\"Il Canto della Terra returns to Rovereto, 7\u201310 May 2026: workshops, tastings, music and a farmers\u2019 market exploring food, sustainability and community.\" \/>\n<meta name=\"robots\" content=\"index, follow, max-snippet:-1, max-image-preview:large, max-video-preview:-1\" \/>\n<link rel=\"canonical\" href=\"https:\/\/songofthe.earth\/it\/workshops-meetings-tastings-music-games-and-a-farmers-market\/\" \/>\n<meta property=\"og:locale\" content=\"it_IT\" \/>\n<meta property=\"og:type\" content=\"article\" \/>\n<meta property=\"og:title\" content=\"Workshops, meetings, tastings, music, games and a farmers\u2019 market &#8211; Song of the Earth\" \/>\n<meta property=\"og:description\" content=\"Il Canto della Terra returns to Rovereto, 7\u201310 May 2026: workshops, tastings, music and a farmers\u2019 market exploring food, sustainability and community.\" \/>\n<meta property=\"og:url\" content=\"https:\/\/songofthe.earth\/it\/workshops-meetings-tastings-music-games-and-a-farmers-market\/\" \/>\n<meta property=\"og:site_name\" content=\"Song of the Earth\" \/>\n<meta property=\"article:publisher\" content=\"https:\/\/www.facebook.com\/songoftheearth.social\" \/>\n<meta property=\"article:published_time\" content=\"2026-04-28T16:24:40+00:00\" \/>\n<meta property=\"article:modified_time\" content=\"2026-04-28T16:40:37+00:00\" \/>\n<meta property=\"og:image\" content=\"https:\/\/songofthe.earth\/wp-content\/uploads\/2026\/04\/MERCATO-CONTADINO-.jpg\" \/>\n\t<meta property=\"og:image:width\" content=\"1920\" \/>\n\t<meta property=\"og:image:height\" content=\"1197\" \/>\n\t<meta property=\"og:image:type\" content=\"image\/jpeg\" \/>\n<meta name=\"author\" content=\"Tra le Rocce e il Cielo\" \/>\n<meta name=\"twitter:card\" content=\"summary_large_image\" \/>\n<meta name=\"twitter:label1\" content=\"Scritto da\" \/>\n\t<meta name=\"twitter:data1\" content=\"Tra le Rocce e il Cielo\" \/>\n\t<meta name=\"twitter:label2\" content=\"Tempo di lettura stimato\" \/>\n\t<meta name=\"twitter:data2\" content=\"5 minuti\" \/>\n<script type=\"application\/ld+json\" class=\"yoast-schema-graph\">{\"@context\":\"https:\/\/schema.org\",\"@graph\":[{\"@type\":\"NewsArticle\",\"@id\":\"https:\/\/songofthe.earth\/workshops-meetings-tastings-music-games-and-a-farmers-market\/#article\",\"isPartOf\":{\"@id\":\"https:\/\/songofthe.earth\/workshops-meetings-tastings-music-games-and-a-farmers-market\/\"},\"author\":{\"name\":\"Tra le Rocce e il Cielo\",\"@id\":\"https:\/\/songofthe.earth\/#\/schema\/person\/ffea3b5512290147152467020f0c2c4d\"},\"headline\":\"Workshops, meetings, tastings, music, games and a farmers\u2019 market\",\"datePublished\":\"2026-04-28T16:24:40+00:00\",\"dateModified\":\"2026-04-28T16:40:37+00:00\",\"mainEntityOfPage\":{\"@id\":\"https:\/\/songofthe.earth\/workshops-meetings-tastings-music-games-and-a-farmers-market\/\"},\"wordCount\":960,\"commentCount\":0,\"publisher\":{\"@id\":\"https:\/\/songofthe.earth\/#organization\"},\"image\":{\"@id\":\"https:\/\/songofthe.earth\/workshops-meetings-tastings-music-games-and-a-farmers-market\/#primaryimage\"},\"thumbnailUrl\":\"https:\/\/songofthe.earth\/wp-content\/uploads\/2026\/04\/MERCATO-CONTADINO-.jpg\",\"articleSection\":[\"Art and culture\",\"Food\",\"Sustainability\"],\"inLanguage\":\"it-IT\",\"potentialAction\":[{\"@type\":\"CommentAction\",\"name\":\"Comment\",\"target\":[\"https:\/\/songofthe.earth\/workshops-meetings-tastings-music-games-and-a-farmers-market\/#respond\"]}]},{\"@type\":\"WebPage\",\"@id\":\"https:\/\/songofthe.earth\/workshops-meetings-tastings-music-games-and-a-farmers-market\/\",\"url\":\"https:\/\/songofthe.earth\/workshops-meetings-tastings-music-games-and-a-farmers-market\/\",\"name\":\"Workshops, meetings, tastings, music, games and a farmers\u2019 market &#8211; Song of the Earth\",\"isPartOf\":{\"@id\":\"https:\/\/songofthe.earth\/#website\"},\"primaryImageOfPage\":{\"@id\":\"https:\/\/songofthe.earth\/workshops-meetings-tastings-music-games-and-a-farmers-market\/#primaryimage\"},\"image\":{\"@id\":\"https:\/\/songofthe.earth\/workshops-meetings-tastings-music-games-and-a-farmers-market\/#primaryimage\"},\"thumbnailUrl\":\"https:\/\/songofthe.earth\/wp-content\/uploads\/2026\/04\/MERCATO-CONTADINO-.jpg\",\"datePublished\":\"2026-04-28T16:24:40+00:00\",\"dateModified\":\"2026-04-28T16:40:37+00:00\",\"description\":\"Il Canto della Terra returns to Rovereto, 7\u201310 May 2026: workshops, tastings, music and a farmers\u2019 market exploring food, sustainability and community.\",\"breadcrumb\":{\"@id\":\"https:\/\/songofthe.earth\/workshops-meetings-tastings-music-games-and-a-farmers-market\/#breadcrumb\"},\"inLanguage\":\"it-IT\",\"potentialAction\":[{\"@type\":\"ReadAction\",\"target\":[\"https:\/\/songofthe.earth\/workshops-meetings-tastings-music-games-and-a-farmers-market\/\"]}]},{\"@type\":\"ImageObject\",\"inLanguage\":\"it-IT\",\"@id\":\"https:\/\/songofthe.earth\/workshops-meetings-tastings-music-games-and-a-farmers-market\/#primaryimage\",\"url\":\"https:\/\/songofthe.earth\/wp-content\/uploads\/2026\/04\/MERCATO-CONTADINO-.jpg\",\"contentUrl\":\"https:\/\/songofthe.earth\/wp-content\/uploads\/2026\/04\/MERCATO-CONTADINO-.jpg\",\"width\":1920,\"height\":1197},{\"@type\":\"BreadcrumbList\",\"@id\":\"https:\/\/songofthe.earth\/workshops-meetings-tastings-music-games-and-a-farmers-market\/#breadcrumb\",\"itemListElement\":[{\"@type\":\"ListItem\",\"position\":1,\"name\":\"Home\",\"item\":\"https:\/\/songofthe.earth\/\"},{\"@type\":\"ListItem\",\"position\":2,\"name\":\"Workshops, meetings, tastings, music, games and a farmers\u2019 market\"}]},{\"@type\":\"WebSite\",\"@id\":\"https:\/\/songofthe.earth\/#website\",\"url\":\"https:\/\/songofthe.earth\/\",\"name\":\"Song of the Earth\",\"description\":\"Platform about climate change and sustainability\",\"publisher\":{\"@id\":\"https:\/\/songofthe.earth\/#organization\"},\"alternateName\":\"SOE\",\"potentialAction\":[{\"@type\":\"SearchAction\",\"target\":{\"@type\":\"EntryPoint\",\"urlTemplate\":\"https:\/\/songofthe.earth\/?s={search_term_string}\"},\"query-input\":{\"@type\":\"PropertyValueSpecification\",\"valueRequired\":true,\"valueName\":\"search_term_string\"}}],\"inLanguage\":\"it-IT\"},{\"@type\":\"Organization\",\"@id\":\"https:\/\/songofthe.earth\/#organization\",\"name\":\"Tra le Rocce e il Cielo\",\"url\":\"https:\/\/songofthe.earth\/\",\"logo\":{\"@type\":\"ImageObject\",\"inLanguage\":\"it-IT\",\"@id\":\"https:\/\/songofthe.earth\/#\/schema\/logo\/image\/\",\"url\":\"https:\/\/songofthe.earth\/wp-content\/uploads\/2024\/06\/logo_soe_colors-var2.png\",\"contentUrl\":\"https:\/\/songofthe.earth\/wp-content\/uploads\/2024\/06\/logo_soe_colors-var2.png\",\"width\":4381,\"height\":4383,\"caption\":\"Tra le Rocce e il Cielo\"},\"image\":{\"@id\":\"https:\/\/songofthe.earth\/#\/schema\/logo\/image\/\"},\"sameAs\":[\"https:\/\/www.facebook.com\/songoftheearth.social\",\"https:\/\/www.instagram.com\/songoftheearth.social\/\",\"https:\/\/www.youtube.com\/@SONGOFTHEEARTH\",\"https:\/\/www.tiktok.com\/login?redirect_url=https:\/\/www.tiktok.com\/@song.of.the.earth&lang=en&enter_method=mandatory\"]},{\"@type\":\"Person\",\"@id\":\"https:\/\/songofthe.earth\/#\/schema\/person\/ffea3b5512290147152467020f0c2c4d\",\"name\":\"Tra le Rocce e il Cielo\",\"image\":{\"@type\":\"ImageObject\",\"inLanguage\":\"it-IT\",\"@id\":\"https:\/\/secure.gravatar.com\/avatar\/e0a34b4b4bacdd82239594cf1666d0ae2972850cf19896ac3467cc4bfc796acd?s=96&d=mm&r=g\",\"url\":\"https:\/\/secure.gravatar.com\/avatar\/e0a34b4b4bacdd82239594cf1666d0ae2972850cf19896ac3467cc4bfc796acd?s=96&d=mm&r=g\",\"contentUrl\":\"https:\/\/secure.gravatar.com\/avatar\/e0a34b4b4bacdd82239594cf1666d0ae2972850cf19896ac3467cc4bfc796acd?s=96&d=mm&r=g\",\"caption\":\"Tra le Rocce e il Cielo\"},\"sameAs\":[\"http:\/\/songofthe.earth\"],\"url\":\"https:\/\/songofthe.earth\/it\/author\/tralerocceeilcielogmail-com\/\"}]}<\/script>\n<!-- \/ Yoast SEO plugin. -->","yoast_head_json":{"title":"Workshops, meetings, tastings, music, games and a farmers\u2019 market &#8211; Song of the Earth","description":"Il Canto della Terra returns to Rovereto, 7\u201310 May 2026: workshops, tastings, music and a farmers\u2019 market exploring food, sustainability and community.","robots":{"index":"index","follow":"follow","max-snippet":"max-snippet:-1","max-image-preview":"max-image-preview:large","max-video-preview":"max-video-preview:-1"},"canonical":"https:\/\/songofthe.earth\/it\/workshops-meetings-tastings-music-games-and-a-farmers-market\/","og_locale":"it_IT","og_type":"article","og_title":"Workshops, meetings, tastings, music, games and a farmers\u2019 market &#8211; Song of the Earth","og_description":"Il Canto della Terra returns to Rovereto, 7\u201310 May 2026: workshops, tastings, music and a farmers\u2019 market exploring food, sustainability and community.","og_url":"https:\/\/songofthe.earth\/it\/workshops-meetings-tastings-music-games-and-a-farmers-market\/","og_site_name":"Song of the Earth","article_publisher":"https:\/\/www.facebook.com\/songoftheearth.social","article_published_time":"2026-04-28T16:24:40+00:00","article_modified_time":"2026-04-28T16:40:37+00:00","og_image":[{"width":1920,"height":1197,"url":"https:\/\/songofthe.earth\/wp-content\/uploads\/2026\/04\/MERCATO-CONTADINO-.jpg","type":"image\/jpeg"}],"author":"Tra le Rocce e il Cielo","twitter_card":"summary_large_image","twitter_misc":{"Scritto da":"Tra le Rocce e il Cielo","Tempo di lettura stimato":"5 minuti"},"schema":{"@context":"https:\/\/schema.org","@graph":[{"@type":"NewsArticle","@id":"https:\/\/songofthe.earth\/workshops-meetings-tastings-music-games-and-a-farmers-market\/#article","isPartOf":{"@id":"https:\/\/songofthe.earth\/workshops-meetings-tastings-music-games-and-a-farmers-market\/"},"author":{"name":"Tra le Rocce e il Cielo","@id":"https:\/\/songofthe.earth\/#\/schema\/person\/ffea3b5512290147152467020f0c2c4d"},"headline":"Workshops, meetings, tastings, music, games and a farmers\u2019 market","datePublished":"2026-04-28T16:24:40+00:00","dateModified":"2026-04-28T16:40:37+00:00","mainEntityOfPage":{"@id":"https:\/\/songofthe.earth\/workshops-meetings-tastings-music-games-and-a-farmers-market\/"},"wordCount":960,"commentCount":0,"publisher":{"@id":"https:\/\/songofthe.earth\/#organization"},"image":{"@id":"https:\/\/songofthe.earth\/workshops-meetings-tastings-music-games-and-a-farmers-market\/#primaryimage"},"thumbnailUrl":"https:\/\/songofthe.earth\/wp-content\/uploads\/2026\/04\/MERCATO-CONTADINO-.jpg","articleSection":["Art and culture","Food","Sustainability"],"inLanguage":"it-IT","potentialAction":[{"@type":"CommentAction","name":"Comment","target":["https:\/\/songofthe.earth\/workshops-meetings-tastings-music-games-and-a-farmers-market\/#respond"]}]},{"@type":"WebPage","@id":"https:\/\/songofthe.earth\/workshops-meetings-tastings-music-games-and-a-farmers-market\/","url":"https:\/\/songofthe.earth\/workshops-meetings-tastings-music-games-and-a-farmers-market\/","name":"Workshops, meetings, tastings, music, games and a farmers\u2019 market &#8211; Song of the Earth","isPartOf":{"@id":"https:\/\/songofthe.earth\/#website"},"primaryImageOfPage":{"@id":"https:\/\/songofthe.earth\/workshops-meetings-tastings-music-games-and-a-farmers-market\/#primaryimage"},"image":{"@id":"https:\/\/songofthe.earth\/workshops-meetings-tastings-music-games-and-a-farmers-market\/#primaryimage"},"thumbnailUrl":"https:\/\/songofthe.earth\/wp-content\/uploads\/2026\/04\/MERCATO-CONTADINO-.jpg","datePublished":"2026-04-28T16:24:40+00:00","dateModified":"2026-04-28T16:40:37+00:00","description":"Il Canto della Terra returns to Rovereto, 7\u201310 May 2026: workshops, tastings, music and a farmers\u2019 market exploring food, sustainability and community.","breadcrumb":{"@id":"https:\/\/songofthe.earth\/workshops-meetings-tastings-music-games-and-a-farmers-market\/#breadcrumb"},"inLanguage":"it-IT","potentialAction":[{"@type":"ReadAction","target":["https:\/\/songofthe.earth\/workshops-meetings-tastings-music-games-and-a-farmers-market\/"]}]},{"@type":"ImageObject","inLanguage":"it-IT","@id":"https:\/\/songofthe.earth\/workshops-meetings-tastings-music-games-and-a-farmers-market\/#primaryimage","url":"https:\/\/songofthe.earth\/wp-content\/uploads\/2026\/04\/MERCATO-CONTADINO-.jpg","contentUrl":"https:\/\/songofthe.earth\/wp-content\/uploads\/2026\/04\/MERCATO-CONTADINO-.jpg","width":1920,"height":1197},{"@type":"BreadcrumbList","@id":"https:\/\/songofthe.earth\/workshops-meetings-tastings-music-games-and-a-farmers-market\/#breadcrumb","itemListElement":[{"@type":"ListItem","position":1,"name":"Home","item":"https:\/\/songofthe.earth\/"},{"@type":"ListItem","position":2,"name":"Workshops, meetings, tastings, music, games and a farmers\u2019 market"}]},{"@type":"WebSite","@id":"https:\/\/songofthe.earth\/#website","url":"https:\/\/songofthe.earth\/","name":"Il Canto della Terra","description":"Platform about climate change and sustainability","publisher":{"@id":"https:\/\/songofthe.earth\/#organization"},"alternateName":"SOE","potentialAction":[{"@type":"SearchAction","target":{"@type":"EntryPoint","urlTemplate":"https:\/\/songofthe.earth\/?s={search_term_string}"},"query-input":{"@type":"PropertyValueSpecification","valueRequired":true,"valueName":"search_term_string"}}],"inLanguage":"it-IT"},{"@type":"Organization","@id":"https:\/\/songofthe.earth\/#organization","name":"Tra le Rocce e il Cielo","url":"https:\/\/songofthe.earth\/","logo":{"@type":"ImageObject","inLanguage":"it-IT","@id":"https:\/\/songofthe.earth\/#\/schema\/logo\/image\/","url":"https:\/\/songofthe.earth\/wp-content\/uploads\/2024\/06\/logo_soe_colors-var2.png","contentUrl":"https:\/\/songofthe.earth\/wp-content\/uploads\/2024\/06\/logo_soe_colors-var2.png","width":4381,"height":4383,"caption":"Tra le Rocce e il Cielo"},"image":{"@id":"https:\/\/songofthe.earth\/#\/schema\/logo\/image\/"},"sameAs":["https:\/\/www.facebook.com\/songoftheearth.social","https:\/\/www.instagram.com\/songoftheearth.social\/","https:\/\/www.youtube.com\/@SONGOFTHEEARTH","https:\/\/www.tiktok.com\/login?redirect_url=https:\/\/www.tiktok.com\/@song.of.the.earth&lang=en&enter_method=mandatory"]},{"@type":"Person","@id":"https:\/\/songofthe.earth\/#\/schema\/person\/ffea3b5512290147152467020f0c2c4d","name":"Tra le Rocce e il Cielo","image":{"@type":"ImageObject","inLanguage":"it-IT","@id":"https:\/\/secure.gravatar.com\/avatar\/e0a34b4b4bacdd82239594cf1666d0ae2972850cf19896ac3467cc4bfc796acd?s=96&d=mm&r=g","url":"https:\/\/secure.gravatar.com\/avatar\/e0a34b4b4bacdd82239594cf1666d0ae2972850cf19896ac3467cc4bfc796acd?s=96&d=mm&r=g","contentUrl":"https:\/\/secure.gravatar.com\/avatar\/e0a34b4b4bacdd82239594cf1666d0ae2972850cf19896ac3467cc4bfc796acd?s=96&d=mm&r=g","caption":"Tra le Rocce e il Cielo"},"sameAs":["http:\/\/songofthe.earth"],"url":"https:\/\/songofthe.earth\/it\/author\/tralerocceeilcielogmail-com\/"}]}},"_links":{"self":[{"href":"https:\/\/songofthe.earth\/it\/wp-json\/wp\/v2\/posts\/5584","targetHints":{"allow":["GET"]}}],"collection":[{"href":"https:\/\/songofthe.earth\/it\/wp-json\/wp\/v2\/posts"}],"about":[{"href":"https:\/\/songofthe.earth\/it\/wp-json\/wp\/v2\/types\/post"}],"author":[{"embeddable":true,"href":"https:\/\/songofthe.earth\/it\/wp-json\/wp\/v2\/users\/1"}],"replies":[{"embeddable":true,"href":"https:\/\/songofthe.earth\/it\/wp-json\/wp\/v2\/comments?post=5584"}],"version-history":[{"count":3,"href":"https:\/\/songofthe.earth\/it\/wp-json\/wp\/v2\/posts\/5584\/revisions"}],"predecessor-version":[{"id":5590,"href":"https:\/\/songofthe.earth\/it\/wp-json\/wp\/v2\/posts\/5584\/revisions\/5590"}],"wp:featuredmedia":[{"embeddable":true,"href":"https:\/\/songofthe.earth\/it\/wp-json\/wp\/v2\/media\/5586"}],"wp:attachment":[{"href":"https:\/\/songofthe.earth\/it\/wp-json\/wp\/v2\/media?parent=5584"}],"wp:term":[{"taxonomy":"category","embeddable":true,"href":"https:\/\/songofthe.earth\/it\/wp-json\/wp\/v2\/categories?post=5584"},{"taxonomy":"post_tag","embeddable":true,"href":"https:\/\/songofthe.earth\/it\/wp-json\/wp\/v2\/tags?post=5584"}],"curies":[{"name":"wp","href":"https:\/\/api.w.org\/{rel}","templated":true}]}}